{"id":142,"date":"2023-03-25T12:27:00","date_gmt":"2023-03-25T11:27:00","guid":{"rendered":"http:\/\/kundusia.pl\/?p=142"},"modified":"2023-08-19T12:30:38","modified_gmt":"2023-08-19T10:30:38","slug":"droga-krzyzowa-w-siwcowce","status":"publish","type":"post","link":"https:\/\/kundusia.pl\/index.php\/2023\/03\/25\/droga-krzyzowa-w-siwcowce\/","title":{"rendered":"Droga Krzy\u017cowa w Siwc\u00f3wce"},"content":{"rendered":"\n<p>W uroczysto\u015b\u0107 Zwiastowania Pa\u0144skiego, 25 marca br. wsp\u00f3lnoty \u015awieckiego Zakonu Karmelit\u00f3w Bosych Prowincji Krakowskiej uda\u0142y si\u0119 do Siwc\u00f3wki, gdzie w kaplicy <a><\/a>si\u00f3str Zmartwychwstanek odprawi\u0142y Drog\u0119 Krzy\u017cow\u0105 (36 uczestnik\u00f3w z 11 wsp\u00f3lnot).<\/p>\n\n\n\n<p>Wydarzenie zapocz\u0105tkowa\u0142a Msza \u015bw. , kt\u00f3r\u0105 odprawi\u0142 ojciec Krzysztof \u017bywczy\u0144ski OCD w intencji uproszenia rych\u0142ej beatyfikacji Kunegundy Siwiec oraz o powo\u0142ania do \u015bwieckiego zakonu.<\/p>\n\n\n\n<p>Po Mszy \u015bw. zosta\u0142a odprawiona Droga Krzy\u017cowa, kt\u00f3r\u0105 poprowadzi\u0142a Wsp\u00f3lnota z Krakowa.<\/p>\n\n\n\n<p>Nast\u0119pnie uczestnicy posilili si\u0119 obiadem u si\u00f3str Zmartwychwstanek i udali si\u0119 do domu zamieszkiwanego niegdy\u015b przez Kunegund\u0119 Siwiec. Uczestnicy zwiedzili pomieszczenia, na ile pozwala\u0142 prowadzony tam remont.<\/p>\n\n\n\n<p>Zako\u0144czeniem wydarzenia by\u0142o odm\u00f3wienie Koronki do Mi\u0142osierdzia Bo\u017cego przy kapliczce ufundowanej w lesie przez mieszka\u0144c\u00f3w w podzi\u0119ce za cudowne uratowanie wsi podczas II wojny \u015bwiatowej.<\/p>\n\n\n<div class=\"wp-block-image is-style-rounded-corners\">\n<figure class=\"aligncenter size-large is-resized\"><img loading=\"lazy\" decoding=\"async\" src=\"https:\/\/kundusia.pl\/wp-content\/uploads\/2023\/08\/338386777_164429386530122_7606297005277334190_n-768x1024.jpg\" alt=\"\" class=\"wp-image-146\" style=\"width:692px;height:923px\" width=\"692\" height=\"923\" srcset=\"https:\/\/kundusia.pl\/wp-content\/uploads\/2023\/08\/338386777_164429386530122_7606297005277334190_n-768x1024.jpg 768w, https:\/\/kundusia.pl\/wp-content\/uploads\/2023\/08\/338386777_164429386530122_7606297005277334190_n-225x300.jpg 225w, https:\/\/kundusia.pl\/wp-content\/uploads\/2023\/08\/338386777_164429386530122_7606297005277334190_n-1152x1536.jpg 1152w, https:\/\/kundusia.pl\/wp-content\/uploads\/2023\/08\/338386777_164429386530122_7606297005277334190_n.jpg 1200w\" sizes=\"auto, (max-width: 692px) 100vw, 692px\" \/><\/figure>\n<\/div>\n\n<div class=\"wp-block-image is-style-rounded-corners\">\n<figure class=\"aligncenter size-full\"><img loading=\"lazy\" decoding=\"async\" width=\"1024\" height=\"629\" src=\"https:\/\/kundusia.pl\/wp-content\/uploads\/2023\/08\/338349931_963274921379792_1822062058799649851_n.jpg\" alt=\"\" class=\"wp-image-145\" srcset=\"https:\/\/kundusia.pl\/wp-content\/uploads\/2023\/08\/338349931_963274921379792_1822062058799649851_n.jpg 1024w, https:\/\/kundusia.pl\/wp-content\/uploads\/2023\/08\/338349931_963274921379792_1822062058799649851_n-300x184.jpg 300w, https:\/\/kundusia.pl\/wp-content\/uploads\/2023\/08\/338349931_963274921379792_1822062058799649851_n-768x472.jpg 768w\" sizes=\"auto, (max-width: 1024px) 100vw, 1024px\" \/><\/figure>\n<\/div>","protected":false},"excerpt":{"rendered":"<p>W uroczysto\u015b\u0107 Zwiastowania Pa\u0144skiego, 25 marca br. wsp\u00f3lnoty \u015awieckiego Zakonu Karmelit\u00f3w Bosych Prowincji Krakowskiej uda\u0142y si\u0119 do Siwc\u00f3wki, gdzie w kaplicy si\u00f3str Zmartwychwstanek odprawi\u0142y Drog\u0119 Krzy\u017cow\u0105 (36 uczestnik\u00f3w z 11 wsp\u00f3lnot). Wydarzenie zapocz\u0105tkowa\u0142a Msza \u015bw. , kt\u00f3r\u0105 odprawi\u0142 ojciec Krzysztof \u017bywczy\u0144ski OCD w intencji uproszenia rych\u0142ej beatyfikacji Kunegundy Siwiec oraz o powo\u0142ania do \u015bwieckiego zakonu. [&hellip;]<\/p>\n","protected":false},"author":1,"featured_media":144,"comment_status":"closed","ping_status":"","sticky":false,"template":"","format":"standard","meta":{"footnotes":""},"categories":[6],"tags":[],"class_list":["post-142","post","type-post","status-publish","format-standard","has-post-thumbnail","hentry","category-wydarzenia"],"_links":{"self":[{"href":"https:\/\/kundusia.pl\/index.php\/wp-json\/wp\/v2\/posts\/142","targetHints":{"allow":["GET"]}}],"collection":[{"href":"https:\/\/kundusia.pl\/index.php\/wp-json\/wp\/v2\/posts"}],"about":[{"href":"https:\/\/kundusia.pl\/index.php\/wp-json\/wp\/v2\/types\/post"}],"author":[{"embeddable":true,"href":"https:\/\/kundusia.pl\/index.php\/wp-json\/wp\/v2\/users\/1"}],"replies":[{"embeddable":true,"href":"https:\/\/kundusia.pl\/index.php\/wp-json\/wp\/v2\/comments?post=142"}],"version-history":[{"count":1,"href":"https:\/\/kundusia.pl\/index.php\/wp-json\/wp\/v2\/posts\/142\/revisions"}],"predecessor-version":[{"id":147,"href":"https:\/\/kundusia.pl\/index.php\/wp-json\/wp\/v2\/posts\/142\/revisions\/147"}],"wp:featuredmedia":[{"embeddable":true,"href":"https:\/\/kundusia.pl\/index.php\/wp-json\/wp\/v2\/media\/144"}],"wp:attachment":[{"href":"https:\/\/kundusia.pl\/index.php\/wp-json\/wp\/v2\/media?parent=142"}],"wp:term":[{"taxonomy":"category","embeddable":true,"href":"https:\/\/kundusia.pl\/index.php\/wp-json\/wp\/v2\/categories?post=142"},{"taxonomy":"post_tag","embeddable":true,"href":"https:\/\/kundusia.pl\/index.php\/wp-json\/wp\/v2\/tags?post=142"}],"curies":[{"name":"wp","href":"https:\/\/api.w.org\/{rel}","templated":true}]}}